{"id":5203,"date":"2024-03-13T05:27:56","date_gmt":"2024-03-13T05:27:56","guid":{"rendered":"https:\/\/loveforlife.eco\/guided-by-the-moon\/"},"modified":"2024-11-18T16:35:27","modified_gmt":"2024-11-18T16:35:27","slug":"vom-mond-gefuehrt","status":"publish","type":"post","link":"https:\/\/loveforlife.eco\/de\/vom-mond-gefuehrt\/","title":{"rendered":"Vom Mond gef\u00fchrt"},"content":{"rendered":"","protected":false},"excerpt":{"rendered":"","protected":false},"author":13,"featured_media":4282,"comment_status":"closed","ping_status":"closed","sticky":false,"template":"","format":"standard","meta":{"_acf_changed":false,"footnotes":""},"categories":[37,38,39,40],"tags":[],"class_list":["post-5203","post","type-post","status-publish","format-standard","has-post-thumbnail","hentry","category-holistic-empowerment-de","category-indigenous-community-leadership-de","category-regenerative-agriculture-food-sovereignty-de","category-uncategorized-de","blog_type-blog-post","blog_type-voices","blog_type-film","blog_type-interview","blog_type-story"],"acf":[],"yoast_head":"<!-- This site is optimized with the Yoast SEO plugin v27.4 - https:\/\/yoast.com\/product\/yoast-seo-wordpress\/ -->\n<title>Vom Mond gef\u00fchrt - Love For Life<\/title>\n<meta name=\"robots\" content=\"index, follow, max-snippet:-1, max-image-preview:large, max-video-preview:-1\" \/>\n<link rel=\"canonical\" href=\"https:\/\/loveforlife.eco\/de\/vom-mond-gefuehrt\/\" \/>\n<meta property=\"og:locale\" content=\"de_DE\" \/>\n<meta property=\"og:type\" content=\"article\" \/>\n<meta property=\"og:title\" content=\"Vom Mond gef\u00fchrt - Love For Life\" \/>\n<meta property=\"og:url\" content=\"https:\/\/loveforlife.eco\/de\/vom-mond-gefuehrt\/\" \/>\n<meta property=\"og:site_name\" content=\"Love For Life\" \/>\n<meta property=\"article:published_time\" content=\"2024-03-13T05:27:56+00:00\" \/>\n<meta property=\"article:modified_time\" content=\"2024-11-18T16:35:27+00:00\" \/>\n<meta property=\"og:image\" content=\"https:\/\/loveforlife.eco\/app\/uploads\/2024\/03\/DSC_3638-s-scaled.jpg\" \/>\n\t<meta property=\"og:image:width\" content=\"2560\" \/>\n\t<meta property=\"og:image:height\" content=\"1709\" \/>\n\t<meta property=\"og:image:type\" content=\"image\/jpeg\" \/>\n<meta name=\"author\" content=\"Tamara Espinoza\" \/>\n<meta name=\"twitter:card\" content=\"summary_large_image\" \/>\n<meta name=\"twitter:label1\" content=\"Written by\" \/>\n\t<meta name=\"twitter:data1\" content=\"Tamara Espinoza\" \/>\n\t<meta name=\"twitter:label2\" content=\"Est. reading time\" \/>\n\t<meta name=\"twitter:data2\" content=\"1 minute\" \/>\n<script type=\"application\/ld+json\" class=\"yoast-schema-graph\">{\"@context\":\"https:\\\/\\\/schema.org\",\"@graph\":[{\"@type\":\"Article\",\"@id\":\"https:\\\/\\\/loveforlife.eco\\\/de\\\/vom-mond-gefuehrt\\\/#article\",\"isPartOf\":{\"@id\":\"https:\\\/\\\/loveforlife.eco\\\/de\\\/vom-mond-gefuehrt\\\/\"},\"author\":{\"name\":\"Tamara Espinoza\",\"@id\":\"https:\\\/\\\/loveforlife.eco\\\/#\\\/schema\\\/person\\\/d25fa014c4c9edf3bf8f705fff2cf770\"},\"headline\":\"Vom Mond gef\u00fchrt\",\"datePublished\":\"2024-03-13T05:27:56+00:00\",\"dateModified\":\"2024-11-18T16:35:27+00:00\",\"mainEntityOfPage\":{\"@id\":\"https:\\\/\\\/loveforlife.eco\\\/de\\\/vom-mond-gefuehrt\\\/\"},\"wordCount\":4,\"image\":{\"@id\":\"https:\\\/\\\/loveforlife.eco\\\/de\\\/vom-mond-gefuehrt\\\/#primaryimage\"},\"thumbnailUrl\":\"https:\\\/\\\/loveforlife.eco\\\/app\\\/uploads\\\/2024\\\/03\\\/DSC_3638-s-scaled.jpg\",\"articleSection\":[\"Ganzheitliche Erm\u00e4chtigung\",\"Indigene &amp; Gemeinschaftsbasierte F\u00fchrung\",\"Regenerative Landwirtschaft &amp; Ern\u00e4hrungssouver\u00e4nit\u00e4t\"],\"inLanguage\":\"de-DE\"},{\"@type\":\"WebPage\",\"@id\":\"https:\\\/\\\/loveforlife.eco\\\/de\\\/vom-mond-gefuehrt\\\/\",\"url\":\"https:\\\/\\\/loveforlife.eco\\\/de\\\/vom-mond-gefuehrt\\\/\",\"name\":\"Vom Mond gef\u00fchrt - Love For Life\",\"isPartOf\":{\"@id\":\"https:\\\/\\\/loveforlife.eco\\\/#website\"},\"primaryImageOfPage\":{\"@id\":\"https:\\\/\\\/loveforlife.eco\\\/de\\\/vom-mond-gefuehrt\\\/#primaryimage\"},\"image\":{\"@id\":\"https:\\\/\\\/loveforlife.eco\\\/de\\\/vom-mond-gefuehrt\\\/#primaryimage\"},\"thumbnailUrl\":\"https:\\\/\\\/loveforlife.eco\\\/app\\\/uploads\\\/2024\\\/03\\\/DSC_3638-s-scaled.jpg\",\"datePublished\":\"2024-03-13T05:27:56+00:00\",\"dateModified\":\"2024-11-18T16:35:27+00:00\",\"author\":{\"@id\":\"https:\\\/\\\/loveforlife.eco\\\/#\\\/schema\\\/person\\\/d25fa014c4c9edf3bf8f705fff2cf770\"},\"breadcrumb\":{\"@id\":\"https:\\\/\\\/loveforlife.eco\\\/de\\\/vom-mond-gefuehrt\\\/#breadcrumb\"},\"inLanguage\":\"de-DE\",\"potentialAction\":[{\"@type\":\"ReadAction\",\"target\":[\"https:\\\/\\\/loveforlife.eco\\\/de\\\/vom-mond-gefuehrt\\\/\"]}]},{\"@type\":\"ImageObject\",\"inLanguage\":\"de-DE\",\"@id\":\"https:\\\/\\\/loveforlife.eco\\\/de\\\/vom-mond-gefuehrt\\\/#primaryimage\",\"url\":\"https:\\\/\\\/loveforlife.eco\\\/app\\\/uploads\\\/2024\\\/03\\\/DSC_3638-s-scaled.jpg\",\"contentUrl\":\"https:\\\/\\\/loveforlife.eco\\\/app\\\/uploads\\\/2024\\\/03\\\/DSC_3638-s-scaled.jpg\",\"width\":2560,\"height\":1709},{\"@type\":\"BreadcrumbList\",\"@id\":\"https:\\\/\\\/loveforlife.eco\\\/de\\\/vom-mond-gefuehrt\\\/#breadcrumb\",\"itemListElement\":[{\"@type\":\"ListItem\",\"position\":1,\"name\":\"Home\",\"item\":\"https:\\\/\\\/loveforlife.eco\\\/de\\\/\"},{\"@type\":\"ListItem\",\"position\":2,\"name\":\"Vom Mond gef\u00fchrt\"}]},{\"@type\":\"WebSite\",\"@id\":\"https:\\\/\\\/loveforlife.eco\\\/#website\",\"url\":\"https:\\\/\\\/loveforlife.eco\\\/\",\"name\":\"Love For Life\",\"description\":\"\",\"potentialAction\":[{\"@type\":\"SearchAction\",\"target\":{\"@type\":\"EntryPoint\",\"urlTemplate\":\"https:\\\/\\\/loveforlife.eco\\\/?s={search_term_string}\"},\"query-input\":{\"@type\":\"PropertyValueSpecification\",\"valueRequired\":true,\"valueName\":\"search_term_string\"}}],\"inLanguage\":\"de-DE\"},{\"@type\":\"Person\",\"@id\":\"https:\\\/\\\/loveforlife.eco\\\/#\\\/schema\\\/person\\\/d25fa014c4c9edf3bf8f705fff2cf770\",\"name\":\"Tamara Espinoza\",\"image\":{\"@type\":\"ImageObject\",\"inLanguage\":\"de-DE\",\"@id\":\"https:\\\/\\\/secure.gravatar.com\\\/avatar\\\/94b3ce0499645088b30b464311890e7cebcbe004f250b1a3fdceb1a8a59d6cda?s=96&d=mm&r=g\",\"url\":\"https:\\\/\\\/secure.gravatar.com\\\/avatar\\\/94b3ce0499645088b30b464311890e7cebcbe004f250b1a3fdceb1a8a59d6cda?s=96&d=mm&r=g\",\"contentUrl\":\"https:\\\/\\\/secure.gravatar.com\\\/avatar\\\/94b3ce0499645088b30b464311890e7cebcbe004f250b1a3fdceb1a8a59d6cda?s=96&d=mm&r=g\",\"caption\":\"Tamara Espinoza\"},\"url\":\"https:\\\/\\\/loveforlife.eco\\\/de\\\/author\\\/tamara-espinoza\\\/\"}]}<\/script>\n<!-- \/ Yoast SEO plugin. -->","yoast_head_json":{"title":"Vom Mond gef\u00fchrt - Love For Life","robots":{"index":"index","follow":"follow","max-snippet":"max-snippet:-1","max-image-preview":"max-image-preview:large","max-video-preview":"max-video-preview:-1"},"canonical":"https:\/\/loveforlife.eco\/de\/vom-mond-gefuehrt\/","og_locale":"de_DE","og_type":"article","og_title":"Vom Mond gef\u00fchrt - Love For Life","og_url":"https:\/\/loveforlife.eco\/de\/vom-mond-gefuehrt\/","og_site_name":"Love For Life","article_published_time":"2024-03-13T05:27:56+00:00","article_modified_time":"2024-11-18T16:35:27+00:00","og_image":[{"width":2560,"height":1709,"url":"https:\/\/loveforlife.eco\/app\/uploads\/2024\/03\/DSC_3638-s-scaled.jpg","type":"image\/jpeg"}],"author":"Tamara Espinoza","twitter_card":"summary_large_image","twitter_misc":{"Written by":"Tamara Espinoza","Est. reading time":"1 minute"},"schema":{"@context":"https:\/\/schema.org","@graph":[{"@type":"Article","@id":"https:\/\/loveforlife.eco\/de\/vom-mond-gefuehrt\/#article","isPartOf":{"@id":"https:\/\/loveforlife.eco\/de\/vom-mond-gefuehrt\/"},"author":{"name":"Tamara Espinoza","@id":"https:\/\/loveforlife.eco\/#\/schema\/person\/d25fa014c4c9edf3bf8f705fff2cf770"},"headline":"Vom Mond gef\u00fchrt","datePublished":"2024-03-13T05:27:56+00:00","dateModified":"2024-11-18T16:35:27+00:00","mainEntityOfPage":{"@id":"https:\/\/loveforlife.eco\/de\/vom-mond-gefuehrt\/"},"wordCount":4,"image":{"@id":"https:\/\/loveforlife.eco\/de\/vom-mond-gefuehrt\/#primaryimage"},"thumbnailUrl":"https:\/\/loveforlife.eco\/app\/uploads\/2024\/03\/DSC_3638-s-scaled.jpg","articleSection":["Ganzheitliche Erm\u00e4chtigung","Indigene &amp; Gemeinschaftsbasierte F\u00fchrung","Regenerative Landwirtschaft &amp; Ern\u00e4hrungssouver\u00e4nit\u00e4t"],"inLanguage":"de-DE"},{"@type":"WebPage","@id":"https:\/\/loveforlife.eco\/de\/vom-mond-gefuehrt\/","url":"https:\/\/loveforlife.eco\/de\/vom-mond-gefuehrt\/","name":"Vom Mond gef\u00fchrt - Love For Life","isPartOf":{"@id":"https:\/\/loveforlife.eco\/#website"},"primaryImageOfPage":{"@id":"https:\/\/loveforlife.eco\/de\/vom-mond-gefuehrt\/#primaryimage"},"image":{"@id":"https:\/\/loveforlife.eco\/de\/vom-mond-gefuehrt\/#primaryimage"},"thumbnailUrl":"https:\/\/loveforlife.eco\/app\/uploads\/2024\/03\/DSC_3638-s-scaled.jpg","datePublished":"2024-03-13T05:27:56+00:00","dateModified":"2024-11-18T16:35:27+00:00","author":{"@id":"https:\/\/loveforlife.eco\/#\/schema\/person\/d25fa014c4c9edf3bf8f705fff2cf770"},"breadcrumb":{"@id":"https:\/\/loveforlife.eco\/de\/vom-mond-gefuehrt\/#breadcrumb"},"inLanguage":"de-DE","potentialAction":[{"@type":"ReadAction","target":["https:\/\/loveforlife.eco\/de\/vom-mond-gefuehrt\/"]}]},{"@type":"ImageObject","inLanguage":"de-DE","@id":"https:\/\/loveforlife.eco\/de\/vom-mond-gefuehrt\/#primaryimage","url":"https:\/\/loveforlife.eco\/app\/uploads\/2024\/03\/DSC_3638-s-scaled.jpg","contentUrl":"https:\/\/loveforlife.eco\/app\/uploads\/2024\/03\/DSC_3638-s-scaled.jpg","width":2560,"height":1709},{"@type":"BreadcrumbList","@id":"https:\/\/loveforlife.eco\/de\/vom-mond-gefuehrt\/#breadcrumb","itemListElement":[{"@type":"ListItem","position":1,"name":"Home","item":"https:\/\/loveforlife.eco\/de\/"},{"@type":"ListItem","position":2,"name":"Vom Mond gef\u00fchrt"}]},{"@type":"WebSite","@id":"https:\/\/loveforlife.eco\/#website","url":"https:\/\/loveforlife.eco\/","name":"Love For Life","description":"","potentialAction":[{"@type":"SearchAction","target":{"@type":"EntryPoint","urlTemplate":"https:\/\/loveforlife.eco\/?s={search_term_string}"},"query-input":{"@type":"PropertyValueSpecification","valueRequired":true,"valueName":"search_term_string"}}],"inLanguage":"de-DE"},{"@type":"Person","@id":"https:\/\/loveforlife.eco\/#\/schema\/person\/d25fa014c4c9edf3bf8f705fff2cf770","name":"Tamara Espinoza","image":{"@type":"ImageObject","inLanguage":"de-DE","@id":"https:\/\/secure.gravatar.com\/avatar\/94b3ce0499645088b30b464311890e7cebcbe004f250b1a3fdceb1a8a59d6cda?s=96&d=mm&r=g","url":"https:\/\/secure.gravatar.com\/avatar\/94b3ce0499645088b30b464311890e7cebcbe004f250b1a3fdceb1a8a59d6cda?s=96&d=mm&r=g","contentUrl":"https:\/\/secure.gravatar.com\/avatar\/94b3ce0499645088b30b464311890e7cebcbe004f250b1a3fdceb1a8a59d6cda?s=96&d=mm&r=g","caption":"Tamara Espinoza"},"url":"https:\/\/loveforlife.eco\/de\/author\/tamara-espinoza\/"}]}},"_links":{"self":[{"href":"https:\/\/loveforlife.eco\/de\/wp-json\/wp\/v2\/posts\/5203","targetHints":{"allow":["GET"]}}],"collection":[{"href":"https:\/\/loveforlife.eco\/de\/wp-json\/wp\/v2\/posts"}],"about":[{"href":"https:\/\/loveforlife.eco\/de\/wp-json\/wp\/v2\/types\/post"}],"author":[{"embeddable":true,"href":"https:\/\/loveforlife.eco\/de\/wp-json\/wp\/v2\/users\/13"}],"replies":[{"embeddable":true,"href":"https:\/\/loveforlife.eco\/de\/wp-json\/wp\/v2\/comments?post=5203"}],"version-history":[{"count":2,"href":"https:\/\/loveforlife.eco\/de\/wp-json\/wp\/v2\/posts\/5203\/revisions"}],"predecessor-version":[{"id":5205,"href":"https:\/\/loveforlife.eco\/de\/wp-json\/wp\/v2\/posts\/5203\/revisions\/5205"}],"wp:featuredmedia":[{"embeddable":true,"href":"https:\/\/loveforlife.eco\/de\/wp-json\/wp\/v2\/media\/4282"}],"wp:attachment":[{"href":"https:\/\/loveforlife.eco\/de\/wp-json\/wp\/v2\/media?parent=5203"}],"wp:term":[{"taxonomy":"category","embeddable":true,"href":"https:\/\/loveforlife.eco\/de\/wp-json\/wp\/v2\/categories?post=5203"},{"taxonomy":"post_tag","embeddable":true,"href":"https:\/\/loveforlife.eco\/de\/wp-json\/wp\/v2\/tags?post=5203"}],"curies":[{"name":"wp","href":"https:\/\/api.w.org\/{rel}","templated":true}]}}