{"id":5227,"date":"2016-07-21T14:29:30","date_gmt":"2016-07-21T14:29:30","guid":{"rendered":"https:\/\/loveforlife.eco\/the-yoco-hunters\/"},"modified":"2024-11-18T17:34:12","modified_gmt":"2024-11-18T17:34:12","slug":"die-yoco-jaeger","status":"publish","type":"post","link":"https:\/\/loveforlife.eco\/de\/die-yoco-jaeger\/","title":{"rendered":"Die Yoco J\u00e4ger: Das Volk der Secoya und die Yoco-Rebe"},"content":{"rendered":"","protected":false},"excerpt":{"rendered":"","protected":false},"author":6,"featured_media":2435,"comment_status":"closed","ping_status":"closed","sticky":false,"template":"","format":"standard","meta":{"_acf_changed":false,"footnotes":""},"categories":[37,38,39,42,41],"tags":[],"class_list":["post-5227","post","type-post","status-publish","format-standard","has-post-thumbnail","hentry","category-holistic-empowerment-de","category-indigenous-community-leadership-de","category-regenerative-agriculture-food-sovereignty-de","category-ecosystem-protection-restoration-de","category-solar-energy-access-de","blog_type-blog-post"],"acf":[],"yoast_head":"<!-- This site is optimized with the Yoast SEO plugin v27.4 - https:\/\/yoast.com\/product\/yoast-seo-wordpress\/ -->\n<title>Die Yoco J\u00e4ger: Das Volk der Secoya und die Yoco-Rebe - Love For Life<\/title>\n<meta name=\"robots\" content=\"index, follow, max-snippet:-1, max-image-preview:large, max-video-preview:-1\" \/>\n<link rel=\"canonical\" href=\"https:\/\/loveforlife.eco\/de\/die-yoco-jaeger\/\" \/>\n<meta property=\"og:locale\" content=\"de_DE\" \/>\n<meta property=\"og:type\" content=\"article\" \/>\n<meta property=\"og:title\" content=\"Die Yoco J\u00e4ger: Das Volk der Secoya und die Yoco-Rebe - Love For Life\" \/>\n<meta property=\"og:url\" content=\"https:\/\/loveforlife.eco\/de\/die-yoco-jaeger\/\" \/>\n<meta property=\"og:site_name\" content=\"Love For Life\" \/>\n<meta property=\"article:published_time\" content=\"2016-07-21T14:29:30+00:00\" \/>\n<meta property=\"article:modified_time\" content=\"2024-11-18T17:34:12+00:00\" \/>\n<meta property=\"og:image\" content=\"https:\/\/loveforlife.eco\/app\/uploads\/2024\/07\/2-2.jpg\" \/>\n\t<meta property=\"og:image:width\" content=\"800\" \/>\n\t<meta property=\"og:image:height\" content=\"533\" \/>\n\t<meta property=\"og:image:type\" content=\"image\/jpeg\" \/>\n<meta name=\"author\" content=\"Alex Goff\" \/>\n<meta name=\"twitter:card\" content=\"summary_large_image\" \/>\n<meta name=\"twitter:label1\" content=\"Written by\" \/>\n\t<meta name=\"twitter:data1\" content=\"Alex Goff\" \/>\n\t<meta name=\"twitter:label2\" content=\"Est. reading time\" \/>\n\t<meta name=\"twitter:data2\" content=\"5 minutes\" \/>\n<script type=\"application\/ld+json\" class=\"yoast-schema-graph\">{\"@context\":\"https:\\\/\\\/schema.org\",\"@graph\":[{\"@type\":\"Article\",\"@id\":\"https:\\\/\\\/loveforlife.eco\\\/de\\\/die-yoco-jaeger\\\/#article\",\"isPartOf\":{\"@id\":\"https:\\\/\\\/loveforlife.eco\\\/de\\\/die-yoco-jaeger\\\/\"},\"author\":{\"name\":\"Alex Goff\",\"@id\":\"https:\\\/\\\/loveforlife.eco\\\/#\\\/schema\\\/person\\\/c4963ce547f64e3818cde845c4acc7f0\"},\"headline\":\"Die Yoco J\u00e4ger: Das Volk der Secoya und die Yoco-Rebe\",\"datePublished\":\"2016-07-21T14:29:30+00:00\",\"dateModified\":\"2024-11-18T17:34:12+00:00\",\"mainEntityOfPage\":{\"@id\":\"https:\\\/\\\/loveforlife.eco\\\/de\\\/die-yoco-jaeger\\\/\"},\"wordCount\":11,\"image\":{\"@id\":\"https:\\\/\\\/loveforlife.eco\\\/de\\\/die-yoco-jaeger\\\/#primaryimage\"},\"thumbnailUrl\":\"https:\\\/\\\/loveforlife.eco\\\/app\\\/uploads\\\/2024\\\/07\\\/2-2.jpg\",\"articleSection\":[\"Ganzheitliche Erm\u00e4chtigung\",\"Indigene &amp; Gemeinschaftsbasierte F\u00fchrung\",\"Regenerative Landwirtschaft &amp; Ern\u00e4hrungssouver\u00e4nit\u00e4t\",\"Schutz &amp; Regeneration von \u00d6kosystemen\",\"Zugang zu Solarenergie\"],\"inLanguage\":\"de-DE\"},{\"@type\":\"WebPage\",\"@id\":\"https:\\\/\\\/loveforlife.eco\\\/de\\\/die-yoco-jaeger\\\/\",\"url\":\"https:\\\/\\\/loveforlife.eco\\\/de\\\/die-yoco-jaeger\\\/\",\"name\":\"Die Yoco J\u00e4ger: Das Volk der Secoya und die Yoco-Rebe - Love For Life\",\"isPartOf\":{\"@id\":\"https:\\\/\\\/loveforlife.eco\\\/#website\"},\"primaryImageOfPage\":{\"@id\":\"https:\\\/\\\/loveforlife.eco\\\/de\\\/die-yoco-jaeger\\\/#primaryimage\"},\"image\":{\"@id\":\"https:\\\/\\\/loveforlife.eco\\\/de\\\/die-yoco-jaeger\\\/#primaryimage\"},\"thumbnailUrl\":\"https:\\\/\\\/loveforlife.eco\\\/app\\\/uploads\\\/2024\\\/07\\\/2-2.jpg\",\"datePublished\":\"2016-07-21T14:29:30+00:00\",\"dateModified\":\"2024-11-18T17:34:12+00:00\",\"author\":{\"@id\":\"https:\\\/\\\/loveforlife.eco\\\/#\\\/schema\\\/person\\\/c4963ce547f64e3818cde845c4acc7f0\"},\"breadcrumb\":{\"@id\":\"https:\\\/\\\/loveforlife.eco\\\/de\\\/die-yoco-jaeger\\\/#breadcrumb\"},\"inLanguage\":\"de-DE\",\"potentialAction\":[{\"@type\":\"ReadAction\",\"target\":[\"https:\\\/\\\/loveforlife.eco\\\/de\\\/die-yoco-jaeger\\\/\"]}]},{\"@type\":\"ImageObject\",\"inLanguage\":\"de-DE\",\"@id\":\"https:\\\/\\\/loveforlife.eco\\\/de\\\/die-yoco-jaeger\\\/#primaryimage\",\"url\":\"https:\\\/\\\/loveforlife.eco\\\/app\\\/uploads\\\/2024\\\/07\\\/2-2.jpg\",\"contentUrl\":\"https:\\\/\\\/loveforlife.eco\\\/app\\\/uploads\\\/2024\\\/07\\\/2-2.jpg\",\"width\":800,\"height\":533},{\"@type\":\"BreadcrumbList\",\"@id\":\"https:\\\/\\\/loveforlife.eco\\\/de\\\/die-yoco-jaeger\\\/#breadcrumb\",\"itemListElement\":[{\"@type\":\"ListItem\",\"position\":1,\"name\":\"Home\",\"item\":\"https:\\\/\\\/loveforlife.eco\\\/de\\\/\"},{\"@type\":\"ListItem\",\"position\":2,\"name\":\"Die Yoco J\u00e4ger: Das Volk der Secoya und die Yoco-Rebe\"}]},{\"@type\":\"WebSite\",\"@id\":\"https:\\\/\\\/loveforlife.eco\\\/#website\",\"url\":\"https:\\\/\\\/loveforlife.eco\\\/\",\"name\":\"Love For Life\",\"description\":\"\",\"potentialAction\":[{\"@type\":\"SearchAction\",\"target\":{\"@type\":\"EntryPoint\",\"urlTemplate\":\"https:\\\/\\\/loveforlife.eco\\\/?s={search_term_string}\"},\"query-input\":{\"@type\":\"PropertyValueSpecification\",\"valueRequired\":true,\"valueName\":\"search_term_string\"}}],\"inLanguage\":\"de-DE\"},{\"@type\":\"Person\",\"@id\":\"https:\\\/\\\/loveforlife.eco\\\/#\\\/schema\\\/person\\\/c4963ce547f64e3818cde845c4acc7f0\",\"name\":\"Alex Goff\",\"image\":{\"@type\":\"ImageObject\",\"inLanguage\":\"de-DE\",\"@id\":\"https:\\\/\\\/secure.gravatar.com\\\/avatar\\\/6bfa2e19e3d1c24746fec6a69cd294fa68123b3ddfb6c56abbefbfdcefb2e56b?s=96&d=mm&r=g\",\"url\":\"https:\\\/\\\/secure.gravatar.com\\\/avatar\\\/6bfa2e19e3d1c24746fec6a69cd294fa68123b3ddfb6c56abbefbfdcefb2e56b?s=96&d=mm&r=g\",\"contentUrl\":\"https:\\\/\\\/secure.gravatar.com\\\/avatar\\\/6bfa2e19e3d1c24746fec6a69cd294fa68123b3ddfb6c56abbefbfdcefb2e56b?s=96&d=mm&r=g\",\"caption\":\"Alex Goff\"},\"url\":\"https:\\\/\\\/loveforlife.eco\\\/de\\\/author\\\/alex-goff\\\/\"}]}<\/script>\n<!-- \/ Yoast SEO plugin. -->","yoast_head_json":{"title":"Die Yoco J\u00e4ger: Das Volk der Secoya und die Yoco-Rebe - Love For Life","robots":{"index":"index","follow":"follow","max-snippet":"max-snippet:-1","max-image-preview":"max-image-preview:large","max-video-preview":"max-video-preview:-1"},"canonical":"https:\/\/loveforlife.eco\/de\/die-yoco-jaeger\/","og_locale":"de_DE","og_type":"article","og_title":"Die Yoco J\u00e4ger: Das Volk der Secoya und die Yoco-Rebe - Love For Life","og_url":"https:\/\/loveforlife.eco\/de\/die-yoco-jaeger\/","og_site_name":"Love For Life","article_published_time":"2016-07-21T14:29:30+00:00","article_modified_time":"2024-11-18T17:34:12+00:00","og_image":[{"width":800,"height":533,"url":"https:\/\/loveforlife.eco\/app\/uploads\/2024\/07\/2-2.jpg","type":"image\/jpeg"}],"author":"Alex Goff","twitter_card":"summary_large_image","twitter_misc":{"Written by":"Alex Goff","Est. reading time":"5 minutes"},"schema":{"@context":"https:\/\/schema.org","@graph":[{"@type":"Article","@id":"https:\/\/loveforlife.eco\/de\/die-yoco-jaeger\/#article","isPartOf":{"@id":"https:\/\/loveforlife.eco\/de\/die-yoco-jaeger\/"},"author":{"name":"Alex Goff","@id":"https:\/\/loveforlife.eco\/#\/schema\/person\/c4963ce547f64e3818cde845c4acc7f0"},"headline":"Die Yoco J\u00e4ger: Das Volk der Secoya und die Yoco-Rebe","datePublished":"2016-07-21T14:29:30+00:00","dateModified":"2024-11-18T17:34:12+00:00","mainEntityOfPage":{"@id":"https:\/\/loveforlife.eco\/de\/die-yoco-jaeger\/"},"wordCount":11,"image":{"@id":"https:\/\/loveforlife.eco\/de\/die-yoco-jaeger\/#primaryimage"},"thumbnailUrl":"https:\/\/loveforlife.eco\/app\/uploads\/2024\/07\/2-2.jpg","articleSection":["Ganzheitliche Erm\u00e4chtigung","Indigene &amp; Gemeinschaftsbasierte F\u00fchrung","Regenerative Landwirtschaft &amp; Ern\u00e4hrungssouver\u00e4nit\u00e4t","Schutz &amp; Regeneration von \u00d6kosystemen","Zugang zu Solarenergie"],"inLanguage":"de-DE"},{"@type":"WebPage","@id":"https:\/\/loveforlife.eco\/de\/die-yoco-jaeger\/","url":"https:\/\/loveforlife.eco\/de\/die-yoco-jaeger\/","name":"Die Yoco J\u00e4ger: Das Volk der Secoya und die Yoco-Rebe - Love For Life","isPartOf":{"@id":"https:\/\/loveforlife.eco\/#website"},"primaryImageOfPage":{"@id":"https:\/\/loveforlife.eco\/de\/die-yoco-jaeger\/#primaryimage"},"image":{"@id":"https:\/\/loveforlife.eco\/de\/die-yoco-jaeger\/#primaryimage"},"thumbnailUrl":"https:\/\/loveforlife.eco\/app\/uploads\/2024\/07\/2-2.jpg","datePublished":"2016-07-21T14:29:30+00:00","dateModified":"2024-11-18T17:34:12+00:00","author":{"@id":"https:\/\/loveforlife.eco\/#\/schema\/person\/c4963ce547f64e3818cde845c4acc7f0"},"breadcrumb":{"@id":"https:\/\/loveforlife.eco\/de\/die-yoco-jaeger\/#breadcrumb"},"inLanguage":"de-DE","potentialAction":[{"@type":"ReadAction","target":["https:\/\/loveforlife.eco\/de\/die-yoco-jaeger\/"]}]},{"@type":"ImageObject","inLanguage":"de-DE","@id":"https:\/\/loveforlife.eco\/de\/die-yoco-jaeger\/#primaryimage","url":"https:\/\/loveforlife.eco\/app\/uploads\/2024\/07\/2-2.jpg","contentUrl":"https:\/\/loveforlife.eco\/app\/uploads\/2024\/07\/2-2.jpg","width":800,"height":533},{"@type":"BreadcrumbList","@id":"https:\/\/loveforlife.eco\/de\/die-yoco-jaeger\/#breadcrumb","itemListElement":[{"@type":"ListItem","position":1,"name":"Home","item":"https:\/\/loveforlife.eco\/de\/"},{"@type":"ListItem","position":2,"name":"Die Yoco J\u00e4ger: Das Volk der Secoya und die Yoco-Rebe"}]},{"@type":"WebSite","@id":"https:\/\/loveforlife.eco\/#website","url":"https:\/\/loveforlife.eco\/","name":"Love For Life","description":"","potentialAction":[{"@type":"SearchAction","target":{"@type":"EntryPoint","urlTemplate":"https:\/\/loveforlife.eco\/?s={search_term_string}"},"query-input":{"@type":"PropertyValueSpecification","valueRequired":true,"valueName":"search_term_string"}}],"inLanguage":"de-DE"},{"@type":"Person","@id":"https:\/\/loveforlife.eco\/#\/schema\/person\/c4963ce547f64e3818cde845c4acc7f0","name":"Alex Goff","image":{"@type":"ImageObject","inLanguage":"de-DE","@id":"https:\/\/secure.gravatar.com\/avatar\/6bfa2e19e3d1c24746fec6a69cd294fa68123b3ddfb6c56abbefbfdcefb2e56b?s=96&d=mm&r=g","url":"https:\/\/secure.gravatar.com\/avatar\/6bfa2e19e3d1c24746fec6a69cd294fa68123b3ddfb6c56abbefbfdcefb2e56b?s=96&d=mm&r=g","contentUrl":"https:\/\/secure.gravatar.com\/avatar\/6bfa2e19e3d1c24746fec6a69cd294fa68123b3ddfb6c56abbefbfdcefb2e56b?s=96&d=mm&r=g","caption":"Alex Goff"},"url":"https:\/\/loveforlife.eco\/de\/author\/alex-goff\/"}]}},"_links":{"self":[{"href":"https:\/\/loveforlife.eco\/de\/wp-json\/wp\/v2\/posts\/5227","targetHints":{"allow":["GET"]}}],"collection":[{"href":"https:\/\/loveforlife.eco\/de\/wp-json\/wp\/v2\/posts"}],"about":[{"href":"https:\/\/loveforlife.eco\/de\/wp-json\/wp\/v2\/types\/post"}],"author":[{"embeddable":true,"href":"https:\/\/loveforlife.eco\/de\/wp-json\/wp\/v2\/users\/6"}],"replies":[{"embeddable":true,"href":"https:\/\/loveforlife.eco\/de\/wp-json\/wp\/v2\/comments?post=5227"}],"version-history":[{"count":2,"href":"https:\/\/loveforlife.eco\/de\/wp-json\/wp\/v2\/posts\/5227\/revisions"}],"predecessor-version":[{"id":5229,"href":"https:\/\/loveforlife.eco\/de\/wp-json\/wp\/v2\/posts\/5227\/revisions\/5229"}],"wp:featuredmedia":[{"embeddable":true,"href":"https:\/\/loveforlife.eco\/de\/wp-json\/wp\/v2\/media\/2435"}],"wp:attachment":[{"href":"https:\/\/loveforlife.eco\/de\/wp-json\/wp\/v2\/media?parent=5227"}],"wp:term":[{"taxonomy":"category","embeddable":true,"href":"https:\/\/loveforlife.eco\/de\/wp-json\/wp\/v2\/categories?post=5227"},{"taxonomy":"post_tag","embeddable":true,"href":"https:\/\/loveforlife.eco\/de\/wp-json\/wp\/v2\/tags?post=5227"}],"curies":[{"name":"wp","href":"https:\/\/api.w.org\/{rel}","templated":true}]}}